{"id":9135,"date":"2026-04-24T19:27:14","date_gmt":"2026-04-24T17:27:14","guid":{"rendered":"https:\/\/www.joaocostaferreira.com\/?p=9135"},"modified":"2026-04-24T19:27:14","modified_gmt":"2026-04-24T17:27:14","slug":"recital-em-do-sustenido-menor-na-paroquia-saint-merry","status":"publish","type":"post","link":"https:\/\/www.joaocostaferreira.com\/?p=9135","title":{"rendered":"\u201cRecital em d\u00f3 sustenido menor\u201d na Par\u00f3quia Saint-Merry"},"content":{"rendered":"<p>10 de maio de 2026, 16h00 \u2013 <a href=\"https:\/\/www.paroissesaintmerry.fr\/\" target=\"_blank\" rel=\"noopener\">Par\u00f3quia Saint-Merry<\/a><\/p>\n<p>76 rue de la Verrerie<br \/>\n75004 Paris, Fran\u00e7a<\/p>\n<p>Sem intervalo, sem aplausos, sem interrup\u00e7\u00f5es, durante uma hora o p\u00fablico \u00e9 levado numa onda crescente de tens\u00e3o dram\u00e1tica atrav\u00e9s das mais belas e virtuosas p\u00e1ginas rom\u00e2nticas de Chopin, Beethoven, Rachmaninoff e Scriabin. Tonalidade tr\u00e1gica por excel\u00eancia, d\u00f3 sustenido menor \u00e9 o fio de Ariadne deste recital ins\u00f3lito.<\/p>\n<p><a href=\"http:\/\/joaocostaferreira.com\/wp-content\/uploads\/2022\/05\/Recital_em_do_sustenido_menor.jpg\"><img loading=\"lazy\" decoding=\"async\" class=\"aligncenter wp-image-4131 size-large\" src=\"http:\/\/joaocostaferreira.com\/wp-content\/uploads\/2022\/05\/Recital_em_do_sustenido_menor-683x1024.jpg\" alt=\"\" width=\"584\" height=\"876\" srcset=\"https:\/\/joaocostaferreira.com\/wp-content\/uploads\/2022\/05\/Recital_em_do_sustenido_menor-683x1024.jpg 683w, https:\/\/joaocostaferreira.com\/wp-content\/uploads\/2022\/05\/Recital_em_do_sustenido_menor-200x300.jpg 200w, https:\/\/joaocostaferreira.com\/wp-content\/uploads\/2022\/05\/Recital_em_do_sustenido_menor-768x1152.jpg 768w, https:\/\/joaocostaferreira.com\/wp-content\/uploads\/2022\/05\/Recital_em_do_sustenido_menor-1024x1536.jpg 1024w, https:\/\/joaocostaferreira.com\/wp-content\/uploads\/2022\/05\/Recital_em_do_sustenido_menor-1365x2048.jpg 1365w, https:\/\/joaocostaferreira.com\/wp-content\/uploads\/2022\/05\/Recital_em_do_sustenido_menor-1320x1980.jpg 1320w, https:\/\/joaocostaferreira.com\/wp-content\/uploads\/2022\/05\/Recital_em_do_sustenido_menor.jpg 1500w\" sizes=\"auto, (max-width: 584px) 100vw, 584px\" \/><\/a>Mais informa\u00e7\u00f5es <a href=\"https:\/\/www.paroissesaintmerry.fr\/post\/dimanche-10-mai-2026-r%C3%A9cital-en-do-di%C3%A8se-mineur-de-jo%C3%A3o-costa-ferreira\" target=\"_blank\" rel=\"noopener\">aqui<\/a>.<\/p>\n<!-- AddThis Advanced Settings generic via filter on the_content --><!-- AddThis Share Buttons generic via filter on the_content -->","protected":false},"excerpt":{"rendered":"<p>10 de maio de 2026, 16h00 \u2013 Par\u00f3quia Saint-Merry 76 rue de la Verrerie 75004 Paris, Fran\u00e7a Sem intervalo, sem aplausos, sem interrup\u00e7\u00f5es, durante uma hora o p\u00fablico \u00e9 levado numa onda crescente de tens\u00e3o dram\u00e1tica atrav\u00e9s das mais belas &hellip; <a href=\"https:\/\/www.joaocostaferreira.com\/?p=9135\">Continuar a ler <span class=\"meta-nav\">&rarr;<\/span><\/a><!-- AddThis Advanced Settings generic via filter on get_the_excerpt --><!-- AddThis Share Buttons generic via filter on get_the_excerpt --><\/p>\n","protected":false},"author":1,"featured_media":0,"comment_status":"open","ping_status":"open","sticky":false,"template":"","format":"standard","meta":{"_jetpack_memberships_contains_paid_content":false,"footnotes":""},"categories":[1],"tags":[],"class_list":["post-9135","post","type-post","status-publish","format-standard","hentry","category-uncategorized"],"jetpack_featured_media_url":"","jetpack_sharing_enabled":true,"_links":{"self":[{"href":"https:\/\/www.joaocostaferreira.com\/index.php?rest_route=\/wp\/v2\/posts\/9135","targetHints":{"allow":["GET"]}}],"collection":[{"href":"https:\/\/www.joaocostaferreira.com\/index.php?rest_route=\/wp\/v2\/posts"}],"about":[{"href":"https:\/\/www.joaocostaferreira.com\/index.php?rest_route=\/wp\/v2\/types\/post"}],"author":[{"embeddable":true,"href":"https:\/\/www.joaocostaferreira.com\/index.php?rest_route=\/wp\/v2\/users\/1"}],"replies":[{"embeddable":true,"href":"https:\/\/www.joaocostaferreira.com\/index.php?rest_route=%2Fwp%2Fv2%2Fcomments&post=9135"}],"version-history":[{"count":1,"href":"https:\/\/www.joaocostaferreira.com\/index.php?rest_route=\/wp\/v2\/posts\/9135\/revisions"}],"predecessor-version":[{"id":9136,"href":"https:\/\/www.joaocostaferreira.com\/index.php?rest_route=\/wp\/v2\/posts\/9135\/revisions\/9136"}],"wp:attachment":[{"href":"https:\/\/www.joaocostaferreira.com\/index.php?rest_route=%2Fwp%2Fv2%2Fmedia&parent=9135"}],"wp:term":[{"taxonomy":"category","embeddable":true,"href":"https:\/\/www.joaocostaferreira.com\/index.php?rest_route=%2Fwp%2Fv2%2Fcategories&post=9135"},{"taxonomy":"post_tag","embeddable":true,"href":"https:\/\/www.joaocostaferreira.com\/index.php?rest_route=%2Fwp%2Fv2%2Ftags&post=9135"}],"curies":[{"name":"wp","href":"https:\/\/api.w.org\/{rel}","templated":true}]}}