{"id":865,"date":"2016-01-10T18:46:03","date_gmt":"2016-01-10T17:46:03","guid":{"rendered":"http:\/\/www.joaocostaferreira.com\/?p=865"},"modified":"2016-06-26T12:06:44","modified_gmt":"2016-06-26T10:06:44","slug":"concerto-no-teatro-municipal-rivoli-cafe-concerto","status":"publish","type":"post","link":"https:\/\/www.joaocostaferreira.com\/?p=865","title":{"rendered":"Concerto no Teatro Municipal Rivoli"},"content":{"rendered":"<p>14 de Maio de 2016, 17h00 &#8211; <a href=\"https:\/\/www.teatromunicipaldoporto.pt\/PT\/programa\/joao-costa-ferreira-novos-talentos-parceria-com-curso-de-musica-silva-monteiro\/\" target=\"_blank\">Teatro Municipal Rivoli | <span lang=\"PT\">Audit\u00f3rio Isabel Alves Costa<\/span><\/a><\/p>\n<p>Pra\u00e7a D. Jo\u00e3o I<br \/>\n4000-295 Porto, Portugal<\/p>\n<p><img loading=\"lazy\" decoding=\"async\" class=\"aligncenter wp-image-866 size-medium\" src=\"https:\/\/joaocostaferreira.com\/wp-content\/uploads\/2016\/01\/teatro_rivoli_01-300x220.jpg\" alt=\"teatro_rivoli_01\" width=\"300\" height=\"220\" srcset=\"https:\/\/joaocostaferreira.com\/wp-content\/uploads\/2016\/01\/teatro_rivoli_01-300x220.jpg 300w, https:\/\/joaocostaferreira.com\/wp-content\/uploads\/2016\/01\/teatro_rivoli_01-410x300.jpg 410w, https:\/\/joaocostaferreira.com\/wp-content\/uploads\/2016\/01\/teatro_rivoli_01.jpg 567w\" sizes=\"auto, (max-width: 300px) 100vw, 300px\" \/><\/p>\n<p>Vianna da Motta \u2013 Cinco Raps\u00f3dias Portuguesas<\/p>\n<p>Tarifa: 5 euros<br \/>\nCompre os seus bilhetes <a href=\"https:\/\/rivoli.bol.pt\/Comprar\/Bilhetes\/33191-novos_talentos_joao_costa_ferreira-teatro_municipal_rivoli\/\" target=\"_blank\">aqui<\/a>.<\/p>\n<!-- AddThis Advanced Settings generic via filter on the_content --><!-- AddThis Share Buttons generic via filter on the_content -->","protected":false},"excerpt":{"rendered":"<p>14 de Maio de 2016, 17h00 &#8211; Teatro Municipal Rivoli | Audit\u00f3rio Isabel Alves Costa Pra\u00e7a D. Jo\u00e3o I 4000-295 Porto, Portugal Vianna da Motta \u2013 Cinco Raps\u00f3dias Portuguesas Tarifa: 5 euros Compre os seus bilhetes aqui.<!-- AddThis Advanced Settings generic via filter on get_the_excerpt --><!-- AddThis Share Buttons generic via filter on get_the_excerpt --><\/p>\n","protected":false},"author":1,"featured_media":0,"comment_status":"open","ping_status":"open","sticky":false,"template":"","format":"standard","meta":{"_jetpack_memberships_contains_paid_content":false,"footnotes":""},"categories":[1],"tags":[],"class_list":["post-865","post","type-post","status-publish","format-standard","hentry","category-uncategorized"],"jetpack_featured_media_url":"","jetpack_sharing_enabled":true,"_links":{"self":[{"href":"https:\/\/www.joaocostaferreira.com\/index.php?rest_route=\/wp\/v2\/posts\/865","targetHints":{"allow":["GET"]}}],"collection":[{"href":"https:\/\/www.joaocostaferreira.com\/index.php?rest_route=\/wp\/v2\/posts"}],"about":[{"href":"https:\/\/www.joaocostaferreira.com\/index.php?rest_route=\/wp\/v2\/types\/post"}],"author":[{"embeddable":true,"href":"https:\/\/www.joaocostaferreira.com\/index.php?rest_route=\/wp\/v2\/users\/1"}],"replies":[{"embeddable":true,"href":"https:\/\/www.joaocostaferreira.com\/index.php?rest_route=%2Fwp%2Fv2%2Fcomments&post=865"}],"version-history":[{"count":2,"href":"https:\/\/www.joaocostaferreira.com\/index.php?rest_route=\/wp\/v2\/posts\/865\/revisions"}],"predecessor-version":[{"id":950,"href":"https:\/\/www.joaocostaferreira.com\/index.php?rest_route=\/wp\/v2\/posts\/865\/revisions\/950"}],"wp:attachment":[{"href":"https:\/\/www.joaocostaferreira.com\/index.php?rest_route=%2Fwp%2Fv2%2Fmedia&parent=865"}],"wp:term":[{"taxonomy":"category","embeddable":true,"href":"https:\/\/www.joaocostaferreira.com\/index.php?rest_route=%2Fwp%2Fv2%2Fcategories&post=865"},{"taxonomy":"post_tag","embeddable":true,"href":"https:\/\/www.joaocostaferreira.com\/index.php?rest_route=%2Fwp%2Fv2%2Ftags&post=865"}],"curies":[{"name":"wp","href":"https:\/\/api.w.org\/{rel}","templated":true}]}}