{"id":530,"date":"2013-11-29T23:50:16","date_gmt":"2013-11-29T22:50:16","guid":{"rendered":"http:\/\/www.joaocostaferreira.com\/?p=530"},"modified":"2014-01-07T22:27:02","modified_gmt":"2014-01-07T21:27:02","slug":"concerto-no-palais-diena-exposicao-sobre-auguste-perret","status":"publish","type":"post","link":"https:\/\/www.joaocostaferreira.com\/?p=530","title":{"rendered":"Concerto no Palais d\u2019I\u00e9na | Exposi\u00e7\u00e3o sobre Auguste Perret"},"content":{"rendered":"<p><a href=\"https:\/\/joaocostaferreira.com\/wp-content\/uploads\/2013\/11\/Concertperret.jpg\"><img loading=\"lazy\" decoding=\"async\" src=\"https:\/\/joaocostaferreira.com\/wp-content\/uploads\/2013\/11\/Concertperret-300x110.jpg\" alt=\"Concertperret\" width=\"300\" height=\"110\" class=\"aligncenter size-medium wp-image-546\" srcset=\"https:\/\/joaocostaferreira.com\/wp-content\/uploads\/2013\/11\/Concertperret-300x110.jpg 300w, https:\/\/joaocostaferreira.com\/wp-content\/uploads\/2013\/11\/Concertperret-500x184.jpg 500w, https:\/\/joaocostaferreira.com\/wp-content\/uploads\/2013\/11\/Concertperret.jpg 714w\" sizes=\"auto, (max-width: 300px) 100vw, 300px\" \/><\/a><br \/>\n11 de Janeiro de 2014, 17h00 \u2013 Palais d&#8217;I\u00e9na<\/p>\n<p>9 Place d&#8217;I\u00e9na<br \/>\n75016 Paris, Fran\u00e7a<\/p>\n<p><strong>Entrada livre<\/strong><\/p>\n<p>Mais informa\u00e7\u00f5es em: <a href=\"https:\/\/www.expositionperret.fr\/evenements\/concert-interprete-joao-costa-ferreira\/\" target=\"_blank\">https:\/\/www.expositionperret.fr\/evenements\/concert-interprete-joao-costa-ferreira\/<\/a><\/p>\n<!-- AddThis Advanced Settings generic via filter on the_content --><!-- AddThis Share Buttons generic via filter on the_content -->","protected":false},"excerpt":{"rendered":"<p>11 de Janeiro de 2014, 17h00 \u2013 Palais d&#8217;I\u00e9na 9 Place d&#8217;I\u00e9na 75016 Paris, Fran\u00e7a Entrada livre Mais informa\u00e7\u00f5es em: https:\/\/www.expositionperret.fr\/evenements\/concert-interprete-joao-costa-ferreira\/<!-- AddThis Advanced Settings generic via filter on get_the_excerpt --><!-- AddThis Share Buttons generic via filter on get_the_excerpt --><\/p>\n","protected":false},"author":1,"featured_media":0,"comment_status":"open","ping_status":"open","sticky":false,"template":"","format":"standard","meta":{"_jetpack_memberships_contains_paid_content":false,"footnotes":""},"categories":[1],"tags":[],"class_list":["post-530","post","type-post","status-publish","format-standard","hentry","category-uncategorized"],"jetpack_featured_media_url":"","jetpack_sharing_enabled":true,"_links":{"self":[{"href":"https:\/\/www.joaocostaferreira.com\/index.php?rest_route=\/wp\/v2\/posts\/530","targetHints":{"allow":["GET"]}}],"collection":[{"href":"https:\/\/www.joaocostaferreira.com\/index.php?rest_route=\/wp\/v2\/posts"}],"about":[{"href":"https:\/\/www.joaocostaferreira.com\/index.php?rest_route=\/wp\/v2\/types\/post"}],"author":[{"embeddable":true,"href":"https:\/\/www.joaocostaferreira.com\/index.php?rest_route=\/wp\/v2\/users\/1"}],"replies":[{"embeddable":true,"href":"https:\/\/www.joaocostaferreira.com\/index.php?rest_route=%2Fwp%2Fv2%2Fcomments&post=530"}],"version-history":[{"count":6,"href":"https:\/\/www.joaocostaferreira.com\/index.php?rest_route=\/wp\/v2\/posts\/530\/revisions"}],"predecessor-version":[{"id":533,"href":"https:\/\/www.joaocostaferreira.com\/index.php?rest_route=\/wp\/v2\/posts\/530\/revisions\/533"}],"wp:attachment":[{"href":"https:\/\/www.joaocostaferreira.com\/index.php?rest_route=%2Fwp%2Fv2%2Fmedia&parent=530"}],"wp:term":[{"taxonomy":"category","embeddable":true,"href":"https:\/\/www.joaocostaferreira.com\/index.php?rest_route=%2Fwp%2Fv2%2Fcategories&post=530"},{"taxonomy":"post_tag","embeddable":true,"href":"https:\/\/www.joaocostaferreira.com\/index.php?rest_route=%2Fwp%2Fv2%2Ftags&post=530"}],"curies":[{"name":"wp","href":"https:\/\/api.w.org\/{rel}","templated":true}]}}