{"id":2369,"date":"2021-03-18T09:27:56","date_gmt":"2021-03-18T08:27:56","guid":{"rendered":"http:\/\/www.joaocostaferreira.com\/?p=2369"},"modified":"2021-03-18T09:27:56","modified_gmt":"2021-03-18T08:27:56","slug":"concerto-de-piano-a-quatro-maos-com-o-pianista-bruno-belthoise-no-auditorio-cgd-do-iseg-concerto-antena-2-2","status":"publish","type":"post","link":"https:\/\/www.joaocostaferreira.com\/?p=2369","title":{"rendered":"Concerto de piano a quatro m\u00e3os com o pianista Bruno Belthoise no Audit\u00f3rio CGD do ISEG | Concerto Antena 2"},"content":{"rendered":"<p>24 de Mar\u00e7o de 2021, 19h00 &#8211; Audit\u00f3rio CGD do ISEG<\/p>\n<p>Rua do Quelhas, 6<br \/>\n1200-781 Lisboa, Portugal<br \/>\n(Concerto \u00e0 porta fechada)<\/p>\n<p><a href=\"https:\/\/joaocostaferreira.com\/wp-content\/uploads\/2021\/01\/IMG_4810_BWLowerDefinition.jpg\"><img loading=\"lazy\" decoding=\"async\" class=\"aligncenter size-large wp-image-2278\" src=\"https:\/\/joaocostaferreira.com\/wp-content\/uploads\/2021\/01\/IMG_4810_BWLowerDefinition-1024x674.jpg\" alt=\"\" width=\"584\" height=\"384\" srcset=\"https:\/\/joaocostaferreira.com\/wp-content\/uploads\/2021\/01\/IMG_4810_BWLowerDefinition-1024x674.jpg 1024w, https:\/\/joaocostaferreira.com\/wp-content\/uploads\/2021\/01\/IMG_4810_BWLowerDefinition-300x198.jpg 300w, https:\/\/joaocostaferreira.com\/wp-content\/uploads\/2021\/01\/IMG_4810_BWLowerDefinition-768x506.jpg 768w, https:\/\/joaocostaferreira.com\/wp-content\/uploads\/2021\/01\/IMG_4810_BWLowerDefinition-1536x1011.jpg 1536w, https:\/\/joaocostaferreira.com\/wp-content\/uploads\/2021\/01\/IMG_4810_BWLowerDefinition-456x300.jpg 456w, https:\/\/joaocostaferreira.com\/wp-content\/uploads\/2021\/01\/IMG_4810_BWLowerDefinition-1320x869.jpg 1320w, https:\/\/joaocostaferreira.com\/wp-content\/uploads\/2021\/01\/IMG_4810_BWLowerDefinition.jpg 1800w\" sizes=\"auto, (max-width: 584px) 100vw, 584px\" \/><\/a><\/p>\n<p style=\"text-align: center;\">Bruno Belthoise &amp; Jo\u00e3o Costa Ferreira<\/p>\n<p>Vianna da Motta &#8211; Ein Dorffest (Uma festa de aldeia)<br \/>\nJean-Pierre Deleuze &#8211; Mers Mortes<br \/>\nS\u00e9rgio Azevedo &#8211; Sonatina n.\u00ba 2<br \/>\nCarlos Marecos &#8211; M\u00fasica para 4 maos<br \/>\nSaint-Sa\u00ebns &#8211; Dan\u00e7a macabra, op. 40<\/p>\n<p><span style=\"color: #ff0000;\">Este concerto ser\u00e1 transmitido em direto para a Antena 2.<\/span> Poder\u00e1 ouvi-lo <a href=\"https:\/\/www.rtp.pt\/play\/direto\/antena2\" target=\"_blank\" rel=\"noopener\">aqui<\/a> pelas 19h (GMT+1).<\/p>\n<!-- AddThis Advanced Settings generic via filter on the_content --><!-- AddThis Share Buttons generic via filter on the_content -->","protected":false},"excerpt":{"rendered":"<p>24 de Mar\u00e7o de 2021, 19h00 &#8211; Audit\u00f3rio CGD do ISEG Rua do Quelhas, 6 1200-781 Lisboa, Portugal (Concerto \u00e0 porta fechada) Bruno Belthoise &amp; Jo\u00e3o Costa Ferreira Vianna da Motta &#8211; Ein Dorffest (Uma festa de aldeia) Jean-Pierre Deleuze &hellip; <a href=\"https:\/\/www.joaocostaferreira.com\/?p=2369\">Continuar a ler <span class=\"meta-nav\">&rarr;<\/span><\/a><!-- AddThis Advanced Settings generic via filter on get_the_excerpt --><!-- AddThis Share Buttons generic via filter on get_the_excerpt --><\/p>\n","protected":false},"author":1,"featured_media":0,"comment_status":"open","ping_status":"open","sticky":false,"template":"","format":"standard","meta":{"_jetpack_memberships_contains_paid_content":false,"footnotes":""},"categories":[1],"tags":[],"class_list":["post-2369","post","type-post","status-publish","format-standard","hentry","category-uncategorized"],"jetpack_featured_media_url":"","jetpack_sharing_enabled":true,"_links":{"self":[{"href":"https:\/\/www.joaocostaferreira.com\/index.php?rest_route=\/wp\/v2\/posts\/2369","targetHints":{"allow":["GET"]}}],"collection":[{"href":"https:\/\/www.joaocostaferreira.com\/index.php?rest_route=\/wp\/v2\/posts"}],"about":[{"href":"https:\/\/www.joaocostaferreira.com\/index.php?rest_route=\/wp\/v2\/types\/post"}],"author":[{"embeddable":true,"href":"https:\/\/www.joaocostaferreira.com\/index.php?rest_route=\/wp\/v2\/users\/1"}],"replies":[{"embeddable":true,"href":"https:\/\/www.joaocostaferreira.com\/index.php?rest_route=%2Fwp%2Fv2%2Fcomments&post=2369"}],"version-history":[{"count":2,"href":"https:\/\/www.joaocostaferreira.com\/index.php?rest_route=\/wp\/v2\/posts\/2369\/revisions"}],"predecessor-version":[{"id":2371,"href":"https:\/\/www.joaocostaferreira.com\/index.php?rest_route=\/wp\/v2\/posts\/2369\/revisions\/2371"}],"wp:attachment":[{"href":"https:\/\/www.joaocostaferreira.com\/index.php?rest_route=%2Fwp%2Fv2%2Fmedia&parent=2369"}],"wp:term":[{"taxonomy":"category","embeddable":true,"href":"https:\/\/www.joaocostaferreira.com\/index.php?rest_route=%2Fwp%2Fv2%2Fcategories&post=2369"},{"taxonomy":"post_tag","embeddable":true,"href":"https:\/\/www.joaocostaferreira.com\/index.php?rest_route=%2Fwp%2Fv2%2Ftags&post=2369"}],"curies":[{"name":"wp","href":"https:\/\/api.w.org\/{rel}","templated":true}]}}