{"id":151,"date":"2008-04-11T11:53:00","date_gmt":"2008-04-11T11:53:00","guid":{"rendered":"http:\/\/localhost\/~joaoferreira86\/wordpress\/?p=151"},"modified":"2013-09-21T22:34:16","modified_gmt":"2013-09-21T20:34:16","slug":"concerto-no-cine-teatro-municipal-de-ourem-2","status":"publish","type":"post","link":"https:\/\/www.joaocostaferreira.com\/?p=151","title":{"rendered":"Concerto no Cine-Teatro Municipal de Our\u00e9m"},"content":{"rendered":"<p><\/p>\n<div style=\"clear: both; text-align: center;\"><img loading=\"lazy\" decoding=\"async\" class=\"aligncenter\" style=\"border: 0px none;\" alt=\"\" src=\"https:\/\/4.bp.blogspot.com\/-WyWkQ-3n0X8\/TxnQ42NZIUI\/AAAAAAAAAjc\/Ic-Gu9hmzyk\/s320\/Cine-teatro+municipal+ourem+foto.jpg\" width=\"320\" height=\"240\" border=\"0\" \/><\/div>\n<p>8 de Junho de 2008, 16h &#8211; <a href=\"https:\/\/www.cm-ourem.pt\/index.php\/agenda\/venueevents\/1-cine-teatro-municipal-de-ourem.html\" target=\"_blank\">Cine-Teatro Municipal de Our\u00e9m<\/a><\/p>\n<p>Rua Dr. Francisco de S\u00e1 Carneiro<br \/>\n<span>2490<\/span> Our\u00e9m, Portugal<\/p>\n<p>Telefone: <span>(+351) 249 543 666<\/span><br \/>\nOrganiza\u00e7\u00e3o: <a href=\"https:\/\/www.conservatorio-ourem.net\/\" target=\"_blank\">Conservat\u00f3rio de M\u00fasica de Our\u00e9m<\/a><\/p>\n<p><strong>Entrada livre<\/strong><\/p>\n<div style=\"text-align: center;\">\n<p><span style=\"font-weight: bold;\">Programa:<\/span><\/p>\n<p><span style=\"font-style: italic;\">Mozart<\/span> &#8211; Adagio em Si menor KV 540<\/p>\n<p><span style=\"font-style: italic;\">Prokofieff <\/span>&#8211; Sonata n\u00ba 3 op. 28<\/p>\n<p><span style=\"font-style: italic;\">Beethoven <\/span>&#8211; Sonata op. 31 n\u00ba 2 &#8220;Tempestade&#8221;<br \/>\nI &#8211; Largo, Allegro<br \/>\nII &#8211; Adagio<br \/>\nIII &#8211; Allegretto<\/p>\n<p><span style=\"font-style: italic;\">Liszt <\/span>&#8211; Raps\u00f3dia H\u00fangara n\u00ba 6<\/p>\n<\/div>\n<p><\/p>\n<!-- AddThis Advanced Settings generic via filter on the_content --><!-- AddThis Share Buttons generic via filter on the_content -->","protected":false},"excerpt":{"rendered":"<p>8 de Junho de 2008, 16h &#8211; Cine-Teatro Municipal de Our\u00e9m Rua Dr. Francisco de S\u00e1 Carneiro 2490 Our\u00e9m, Portugal Telefone: (+351) 249 543 666 Organiza\u00e7\u00e3o: Conservat\u00f3rio de M\u00fasica de Our\u00e9m Entrada livre Programa: Mozart &#8211; Adagio em Si menor &hellip; <a href=\"https:\/\/www.joaocostaferreira.com\/?p=151\">Continuar a ler <span class=\"meta-nav\">&rarr;<\/span><\/a><!-- AddThis Advanced Settings generic via filter on get_the_excerpt --><!-- AddThis Share Buttons generic via filter on get_the_excerpt --><\/p>\n","protected":false},"author":1,"featured_media":0,"comment_status":"open","ping_status":"open","sticky":false,"template":"","format":"standard","meta":{"_jetpack_memberships_contains_paid_content":false,"footnotes":""},"categories":[1],"tags":[],"class_list":["post-151","post","type-post","status-publish","format-standard","hentry","category-uncategorized"],"jetpack_featured_media_url":"","jetpack_sharing_enabled":true,"_links":{"self":[{"href":"https:\/\/www.joaocostaferreira.com\/index.php?rest_route=\/wp\/v2\/posts\/151","targetHints":{"allow":["GET"]}}],"collection":[{"href":"https:\/\/www.joaocostaferreira.com\/index.php?rest_route=\/wp\/v2\/posts"}],"about":[{"href":"https:\/\/www.joaocostaferreira.com\/index.php?rest_route=\/wp\/v2\/types\/post"}],"author":[{"embeddable":true,"href":"https:\/\/www.joaocostaferreira.com\/index.php?rest_route=\/wp\/v2\/users\/1"}],"replies":[{"embeddable":true,"href":"https:\/\/www.joaocostaferreira.com\/index.php?rest_route=%2Fwp%2Fv2%2Fcomments&post=151"}],"version-history":[{"count":3,"href":"https:\/\/www.joaocostaferreira.com\/index.php?rest_route=\/wp\/v2\/posts\/151\/revisions"}],"predecessor-version":[{"id":492,"href":"https:\/\/www.joaocostaferreira.com\/index.php?rest_route=\/wp\/v2\/posts\/151\/revisions\/492"}],"wp:attachment":[{"href":"https:\/\/www.joaocostaferreira.com\/index.php?rest_route=%2Fwp%2Fv2%2Fmedia&parent=151"}],"wp:term":[{"taxonomy":"category","embeddable":true,"href":"https:\/\/www.joaocostaferreira.com\/index.php?rest_route=%2Fwp%2Fv2%2Fcategories&post=151"},{"taxonomy":"post_tag","embeddable":true,"href":"https:\/\/www.joaocostaferreira.com\/index.php?rest_route=%2Fwp%2Fv2%2Ftags&post=151"}],"curies":[{"name":"wp","href":"https:\/\/api.w.org\/{rel}","templated":true}]}}