{"id":150,"date":"2009-01-21T17:45:00","date_gmt":"2009-01-21T17:45:00","guid":{"rendered":"http:\/\/localhost\/~joaoferreira86\/wordpress\/?p=150"},"modified":"2013-09-21T22:33:02","modified_gmt":"2013-09-21T20:33:02","slug":"concert-de-midi-et-demi-3","status":"publish","type":"post","link":"https:\/\/www.joaocostaferreira.com\/?p=150","title":{"rendered":"&#8220;Concert de Midi et Demi&#8221;"},"content":{"rendered":"<p><img loading=\"lazy\" decoding=\"async\" class=\"alignright\" style=\"border: 0px none;\" alt=\"\" src=\"https:\/\/1.bp.blogspot.com\/-mCy3qsPGwT4\/TuPTdP0sXKI\/AAAAAAAAAi8\/p849NWtl0H4\/s1600\/images.jpeg\" width=\"248\" height=\"204\" border=\"0\" \/>4 de Mar\u00e7o de 2009, 12h30 &#8211; Salle Cortot<\/p>\n<p>78, Rue Cardinet<br \/>\n75017 Paris, Fran\u00e7a<\/p>\n<p>Prokofieff &#8211; Sarcasmos op. 17<br \/>\nSchtschedrin &#8211; &#8220;Basso Ostinato&#8221;<\/p>\n<p><span style=\"font-weight: bold;\">Participa\u00e7\u00e3o livre<br \/>\n<\/span><\/p>\n<!-- AddThis Advanced Settings generic via filter on the_content --><!-- AddThis Share Buttons generic via filter on the_content -->","protected":false},"excerpt":{"rendered":"<p>4 de Mar\u00e7o de 2009, 12h30 &#8211; Salle Cortot 78, Rue Cardinet 75017 Paris, Fran\u00e7a Prokofieff &#8211; Sarcasmos op. 17 Schtschedrin &#8211; &#8220;Basso Ostinato&#8221; Participa\u00e7\u00e3o livre<!-- AddThis Advanced Settings generic via filter on get_the_excerpt --><!-- AddThis Share Buttons generic via filter on get_the_excerpt --><\/p>\n","protected":false},"author":1,"featured_media":0,"comment_status":"open","ping_status":"open","sticky":false,"template":"","format":"standard","meta":{"_jetpack_memberships_contains_paid_content":false,"footnotes":""},"categories":[1],"tags":[],"class_list":["post-150","post","type-post","status-publish","format-standard","hentry","category-uncategorized"],"jetpack_featured_media_url":"","jetpack_sharing_enabled":true,"_links":{"self":[{"href":"https:\/\/www.joaocostaferreira.com\/index.php?rest_route=\/wp\/v2\/posts\/150","targetHints":{"allow":["GET"]}}],"collection":[{"href":"https:\/\/www.joaocostaferreira.com\/index.php?rest_route=\/wp\/v2\/posts"}],"about":[{"href":"https:\/\/www.joaocostaferreira.com\/index.php?rest_route=\/wp\/v2\/types\/post"}],"author":[{"embeddable":true,"href":"https:\/\/www.joaocostaferreira.com\/index.php?rest_route=\/wp\/v2\/users\/1"}],"replies":[{"embeddable":true,"href":"https:\/\/www.joaocostaferreira.com\/index.php?rest_route=%2Fwp%2Fv2%2Fcomments&post=150"}],"version-history":[{"count":3,"href":"https:\/\/www.joaocostaferreira.com\/index.php?rest_route=\/wp\/v2\/posts\/150\/revisions"}],"predecessor-version":[{"id":491,"href":"https:\/\/www.joaocostaferreira.com\/index.php?rest_route=\/wp\/v2\/posts\/150\/revisions\/491"}],"wp:attachment":[{"href":"https:\/\/www.joaocostaferreira.com\/index.php?rest_route=%2Fwp%2Fv2%2Fmedia&parent=150"}],"wp:term":[{"taxonomy":"category","embeddable":true,"href":"https:\/\/www.joaocostaferreira.com\/index.php?rest_route=%2Fwp%2Fv2%2Fcategories&post=150"},{"taxonomy":"post_tag","embeddable":true,"href":"https:\/\/www.joaocostaferreira.com\/index.php?rest_route=%2Fwp%2Fv2%2Ftags&post=150"}],"curies":[{"name":"wp","href":"https:\/\/api.w.org\/{rel}","templated":true}]}}