{"id":148,"date":"2009-03-06T23:05:00","date_gmt":"2009-03-06T23:05:00","guid":{"rendered":"http:\/\/localhost\/~joaoferreira86\/wordpress\/?p=148"},"modified":"2012-10-11T23:21:46","modified_gmt":"2012-10-11T21:21:46","slug":"auditorio-do-conservatorio-de-ourem-2","status":"publish","type":"post","link":"https:\/\/www.joaocostaferreira.com\/?p=148","title":{"rendered":"Audit\u00f3rio do Conservat\u00f3rio de Our\u00e9m"},"content":{"rendered":"<p>31 de Mar\u00e7o de 2009, 20h30 &#8211; Audit\u00f3rio do <a href=\"https:\/\/www.conservatorio-ourem.net\/\" target=\"_blank\">Conservat\u00f3rio de Our\u00e9m<\/a><\/p>\n<p>Av. D. Nuno \u00c1lvares Pereira, N\u00ba 11<br \/>\n2490-483 Our\u00e9m, Portugal<\/p>\n<p>Telefone: +351 249 545 008<br \/>\nEmail: <a href=\"mailto:conservatoriomo@sapo.pt\">conservatoriomo@sapo.pt<\/a><\/p>\n<div style=\"text-align: center;\"><strong>Programa:<\/strong><\/div>\n<div style=\"text-align: center;\"><em>S. Prokofieff<\/em> &#8211; Sarcasmos op. 17<\/div>\n<div style=\"text-align: center;\">I &#8211; Tempestoso<\/div>\n<div style=\"text-align: center;\">II &#8211; Allegro rubato<\/div>\n<div style=\"text-align: center;\">III &#8211; Allegro precipitato<\/div>\n<div style=\"text-align: center;\">IV &#8211; Smanioso<\/div>\n<div style=\"text-align: center;\">V &#8211; Precipitosissimo<\/div>\n<div style=\"text-align: center;\"><\/div>\n<div style=\"text-align: center;\"><em>Beethoven <\/em>&#8211; Sonata op. 31 n\u00ba 2 &#8220;Tempestade&#8221;<\/div>\n<div style=\"text-align: center;\">I &#8211; Largo, Allegro<\/div>\n<div style=\"text-align: center;\">II &#8211; Adagio<\/div>\n<div style=\"text-align: center;\">III &#8211; Allegretto<\/div>\n<div style=\"text-align: center;\"><\/div>\n<div style=\"text-align: center;\"><em>F. Liszt<\/em> &#8211; Estudo Transcendental n\u00ba 12 &#8220;Chasse-Neige&#8221;<\/div>\n<div style=\"text-align: center;\"><\/div>\n<div style=\"text-align: center;\"><em>C. Debussy<\/em> &#8211; Tr\u00eas prel\u00fadios<\/div>\n<div style=\"text-align: center;\">&#8220;La Puerta del Vino&#8221;<\/div>\n<div style=\"text-align: center;\">&#8220;Bruy\u00e8res&#8221;<\/div>\n<div style=\"text-align: center;\">&#8220;Feux d&#8217;Artifice&#8221;<\/div>\n<div style=\"text-align: center;\"><\/div>\n<div style=\"text-align: center;\"><em>R. Schtschedrin<\/em> &#8211; &#8220;Basso Ostinato&#8221;<\/div>\n<p><strong>Entrada livre<\/strong><\/p>\n<p>Organiza\u00e7\u00e3o: <a href=\"https:\/\/www.conservatorio-ourem.net\/\" target=\"_blank\">Conservat\u00f3rio de M\u00fasica de Our\u00e9m e F\u00e1tima<\/a><\/p>\n<div style=\"clear: both; text-align: center;\"><a style=\"margin-left: 1em; margin-right: 1em;\" href=\"https:\/\/2.bp.blogspot.com\/_69vrCk2Frjw\/ScQXEcgCqzI\/AAAAAAAAAM4\/P9pJq5_P-1E\/s1600-h\/Cartaz+Concerto.jpg\"><img decoding=\"async\" src=\"https:\/\/2.bp.blogspot.com\/_69vrCk2Frjw\/ScQXEcgCqzI\/AAAAAAAAAM4\/P9pJq5_P-1E\/s400\/Cartaz+Concerto.jpg\" alt=\"\" border=\"0\" \/><\/a><\/div>\n<p><\/p>\n<!-- AddThis Advanced Settings generic via filter on the_content --><!-- AddThis Share Buttons generic via filter on the_content -->","protected":false},"excerpt":{"rendered":"<p>31 de Mar\u00e7o de 2009, 20h30 &#8211; Audit\u00f3rio do Conservat\u00f3rio de Our\u00e9m Av. D. Nuno \u00c1lvares Pereira, N\u00ba 11 2490-483 Our\u00e9m, Portugal Telefone: +351 249 545 008 Email: conservatoriomo@sapo.pt Programa: S. Prokofieff &#8211; Sarcasmos op. 17 I &#8211; Tempestoso II &hellip; <a href=\"https:\/\/www.joaocostaferreira.com\/?p=148\">Continuar a ler <span class=\"meta-nav\">&rarr;<\/span><\/a><!-- AddThis Advanced Settings generic via filter on get_the_excerpt --><!-- AddThis Share Buttons generic via filter on get_the_excerpt --><\/p>\n","protected":false},"author":1,"featured_media":0,"comment_status":"open","ping_status":"open","sticky":false,"template":"","format":"standard","meta":{"_jetpack_memberships_contains_paid_content":false,"footnotes":""},"categories":[1],"tags":[],"class_list":["post-148","post","type-post","status-publish","format-standard","hentry","category-uncategorized"],"jetpack_featured_media_url":"","jetpack_sharing_enabled":true,"_links":{"self":[{"href":"https:\/\/www.joaocostaferreira.com\/index.php?rest_route=\/wp\/v2\/posts\/148","targetHints":{"allow":["GET"]}}],"collection":[{"href":"https:\/\/www.joaocostaferreira.com\/index.php?rest_route=\/wp\/v2\/posts"}],"about":[{"href":"https:\/\/www.joaocostaferreira.com\/index.php?rest_route=\/wp\/v2\/types\/post"}],"author":[{"embeddable":true,"href":"https:\/\/www.joaocostaferreira.com\/index.php?rest_route=\/wp\/v2\/users\/1"}],"replies":[{"embeddable":true,"href":"https:\/\/www.joaocostaferreira.com\/index.php?rest_route=%2Fwp%2Fv2%2Fcomments&post=148"}],"version-history":[{"count":3,"href":"https:\/\/www.joaocostaferreira.com\/index.php?rest_route=\/wp\/v2\/posts\/148\/revisions"}],"predecessor-version":[{"id":192,"href":"https:\/\/www.joaocostaferreira.com\/index.php?rest_route=\/wp\/v2\/posts\/148\/revisions\/192"}],"wp:attachment":[{"href":"https:\/\/www.joaocostaferreira.com\/index.php?rest_route=%2Fwp%2Fv2%2Fmedia&parent=148"}],"wp:term":[{"taxonomy":"category","embeddable":true,"href":"https:\/\/www.joaocostaferreira.com\/index.php?rest_route=%2Fwp%2Fv2%2Fcategories&post=148"},{"taxonomy":"post_tag","embeddable":true,"href":"https:\/\/www.joaocostaferreira.com\/index.php?rest_route=%2Fwp%2Fv2%2Ftags&post=148"}],"curies":[{"name":"wp","href":"https:\/\/api.w.org\/{rel}","templated":true}]}}