{"id":147,"date":"2009-03-08T23:25:00","date_gmt":"2009-03-08T23:25:00","guid":{"rendered":"http:\/\/localhost\/~joaoferreira86\/wordpress\/?p=147"},"modified":"2017-09-09T12:55:34","modified_gmt":"2017-09-09T10:55:34","slug":"concerto-aberto-antena-2-2","status":"publish","type":"post","link":"https:\/\/www.joaocostaferreira.com\/?p=147","title":{"rendered":"&#8220;Concerto Aberto&#8221; | Antena 2"},"content":{"rendered":"<p>3 de Abril de 2009, 19h00 &#8211; <a href=\"https:\/\/www.fpc.pt\/\" target=\"_blank\">Funda\u00e7\u00e3o Portuguesa das Comunica\u00e7\u00f5es<\/a><\/p>\n<p>Rua do Instituto Industrial, 15<br \/>\n1200-225 Lisboa, Portugal<\/p>\n<p>Telefone: (+351) 213 935 000<br \/>\nEmail: <a href=\"mailto:info@fpc.pt\">info@fpc.pt<\/a><\/p>\n<p>Este concerto ser\u00e1 transmitido em directo para a Antena 2. Poder\u00e1 ouvi-lo <a href=\"https:\/\/radiosdeportugal.com\/tag\/antena-2-online\" target=\"_blank\">aqui<\/a> pelas 19h (GMT+1).<\/p>\n<p>Andr\u00e9 Cunha Leal fala sobre o concerto:<\/p>\n<p><audio controls=\"controls\"><source src=\"https:\/\/www.joaocostaferreira.com\/antenadois2_4_2009.ogg\" type=\"audio\/ogg\" \/><source src=\"https:\/\/www.joaocostaferreira.com\/antenadois2_4_2009.mp3\" type=\"audio\/mp3\" \/>Your browser does not support the audio tag.<\/audio><\/p>\n<div style=\"clear: both; text-align: center;\"><\/div>\n<p><a style=\"margin-left: 1em; margin-right: 1em;\" href=\"https:\/\/1.bp.blogspot.com\/_69vrCk2Frjw\/SbRTiEvumZI\/AAAAAAAAAMA\/GJ6G2XcKyCM\/s1600-h\/090403++frente+e+verso.jpg\"><img decoding=\"async\" style=\"cursor: move;\" src=\"https:\/\/1.bp.blogspot.com\/_69vrCk2Frjw\/SbRTiEvumZI\/AAAAAAAAAMA\/GJ6G2XcKyCM\/s400\/090403++frente+e+verso.jpg\" alt=\"\" border=\"0\" \/><\/a><\/p>\n<!-- AddThis Advanced Settings generic via filter on the_content --><!-- AddThis Share Buttons generic via filter on the_content -->","protected":false},"excerpt":{"rendered":"<p>3 de Abril de 2009, 19h00 &#8211; Funda\u00e7\u00e3o Portuguesa das Comunica\u00e7\u00f5es Rua do Instituto Industrial, 15 1200-225 Lisboa, Portugal Telefone: (+351) 213 935 000 Email: info@fpc.pt Este concerto ser\u00e1 transmitido em directo para a Antena 2. Poder\u00e1 ouvi-lo aqui pelas &hellip; <a href=\"https:\/\/www.joaocostaferreira.com\/?p=147\">Continuar a ler <span class=\"meta-nav\">&rarr;<\/span><\/a><!-- AddThis Advanced Settings generic via filter on get_the_excerpt --><!-- AddThis Share Buttons generic via filter on get_the_excerpt --><\/p>\n","protected":false},"author":1,"featured_media":0,"comment_status":"open","ping_status":"open","sticky":false,"template":"","format":"standard","meta":{"_jetpack_memberships_contains_paid_content":false,"footnotes":""},"categories":[1],"tags":[],"class_list":["post-147","post","type-post","status-publish","format-standard","hentry","category-uncategorized"],"jetpack_featured_media_url":"","jetpack_sharing_enabled":true,"_links":{"self":[{"href":"https:\/\/www.joaocostaferreira.com\/index.php?rest_route=\/wp\/v2\/posts\/147","targetHints":{"allow":["GET"]}}],"collection":[{"href":"https:\/\/www.joaocostaferreira.com\/index.php?rest_route=\/wp\/v2\/posts"}],"about":[{"href":"https:\/\/www.joaocostaferreira.com\/index.php?rest_route=\/wp\/v2\/types\/post"}],"author":[{"embeddable":true,"href":"https:\/\/www.joaocostaferreira.com\/index.php?rest_route=\/wp\/v2\/users\/1"}],"replies":[{"embeddable":true,"href":"https:\/\/www.joaocostaferreira.com\/index.php?rest_route=%2Fwp%2Fv2%2Fcomments&post=147"}],"version-history":[{"count":22,"href":"https:\/\/www.joaocostaferreira.com\/index.php?rest_route=\/wp\/v2\/posts\/147\/revisions"}],"predecessor-version":[{"id":1191,"href":"https:\/\/www.joaocostaferreira.com\/index.php?rest_route=\/wp\/v2\/posts\/147\/revisions\/1191"}],"wp:attachment":[{"href":"https:\/\/www.joaocostaferreira.com\/index.php?rest_route=%2Fwp%2Fv2%2Fmedia&parent=147"}],"wp:term":[{"taxonomy":"category","embeddable":true,"href":"https:\/\/www.joaocostaferreira.com\/index.php?rest_route=%2Fwp%2Fv2%2Fcategories&post=147"},{"taxonomy":"post_tag","embeddable":true,"href":"https:\/\/www.joaocostaferreira.com\/index.php?rest_route=%2Fwp%2Fv2%2Ftags&post=147"}],"curies":[{"name":"wp","href":"https:\/\/api.w.org\/{rel}","templated":true}]}}